{"id":791,"date":"2022-02-06T15:04:10","date_gmt":"2022-02-06T14:04:10","guid":{"rendered":"https:\/\/www.agat-turner.org\/?p=791"},"modified":"2022-10-16T13:49:59","modified_gmt":"2022-10-16T11:49:59","slug":"sejour-dete-2022","status":"publish","type":"post","link":"https:\/\/www.agat-turner.org\/?p=791","title":{"rendered":"JUILLET : s\u00e9jour d&rsquo;\u00e9t\u00e9 2022 \u00e0 Strasbourg"},"content":{"rendered":"\n<p>Chers adh\u00e9rents, <\/p>\n\n\n\n<p>Apr\u00e8s 2 ans sans notre traditionnel s\u00e9jour d\u2019\u00e9t\u00e9, nous avons le grand plaisir de vous proposer de nous diriger vers l\u2019Alsace et plus pr\u00e9cis\u00e9ment <strong>Strasbourg<\/strong>.<\/p>\n\n\n\n<p>Nous pourrons par exemple aller visiter le parlement europ\u00e9en, la cath\u00e9drale de Strasbourg ou encore le Mus\u00e9e Alsacien !<\/p>\n\n\n\n<p><strong>Date <\/strong>: du samedi 23 au samedi 30 Juillet 2022<br><strong>Prix <\/strong>: 360 euros<br><strong>Date limite d&rsquo;inscription<\/strong> : 1er Mai 2022<br><strong>Conditions <\/strong>: \u00eatre \u00e0 jour de son <strong>adh\u00e9sion <\/strong>+ respect de <strong>conditions sanitaires<\/strong> en vigueur \u00e0 la date du s\u00e9jour (pass sanitaire\/vaccinal)<\/p>\n\n\n\n<p>Comme d\u2019habitude ce prix comprend, l&rsquo;h\u00e9bergement, la nourriture et les activit\u00e9s. Le trajet restant \u00e0 la charge des participantes de 18 ans minimum.<\/p>\n\n\n\n<p>Les inscriptions sont prises en compte \u00e0 r\u00e9ception des r\u00e8glements, dans la limite des places disponibles. Vous recevrez une confirmation de l\u2019inscription, si ce n\u2019est pas le cas n&rsquo;h\u00e9sitez pas \u00e0 nous contacter ! <\/p>\n\n\n\n<p>Association AGAT : <a href=\"mailto:association_agatts@yahoo.fr\">association_agatts@yahoo.fr<\/a><\/p>\n","protected":false},"excerpt":{"rendered":"<p>Chers adh\u00e9rents, Apr\u00e8s 2 ans sans notre traditionnel s\u00e9jour d\u2019\u00e9t\u00e9, nous avons le grand plaisir de vous proposer de nous diriger vers l\u2019Alsace et plus pr\u00e9cis\u00e9ment Strasbourg. Nous pourrons par &hellip; <a href=\"https:\/\/www.agat-turner.org\/?p=791\" class=\"more-link\">Continuer la lecture<span class=\"screen-reader-text\"> de &laquo;&nbsp;JUILLET : s\u00e9jour d&rsquo;\u00e9t\u00e9 2022 \u00e0 Strasbourg&nbsp;&raquo;<\/span><\/a><\/p>\n","protected":false},"author":2,"featured_media":0,"comment_status":"closed","ping_status":"closed","sticky":false,"template":"","format":"standard","meta":{"footnotes":""},"categories":[1,11],"tags":[19,37],"class_list":["post-791","post","type-post","status-publish","format-standard","hentry","category-actualites","category-sejours","tag-sejour","tag-strasbourg"],"_links":{"self":[{"href":"https:\/\/www.agat-turner.org\/index.php?rest_route=\/wp\/v2\/posts\/791","targetHints":{"allow":["GET"]}}],"collection":[{"href":"https:\/\/www.agat-turner.org\/index.php?rest_route=\/wp\/v2\/posts"}],"about":[{"href":"https:\/\/www.agat-turner.org\/index.php?rest_route=\/wp\/v2\/types\/post"}],"author":[{"embeddable":true,"href":"https:\/\/www.agat-turner.org\/index.php?rest_route=\/wp\/v2\/users\/2"}],"replies":[{"embeddable":true,"href":"https:\/\/www.agat-turner.org\/index.php?rest_route=%2Fwp%2Fv2%2Fcomments&post=791"}],"version-history":[{"count":3,"href":"https:\/\/www.agat-turner.org\/index.php?rest_route=\/wp\/v2\/posts\/791\/revisions"}],"predecessor-version":[{"id":896,"href":"https:\/\/www.agat-turner.org\/index.php?rest_route=\/wp\/v2\/posts\/791\/revisions\/896"}],"wp:attachment":[{"href":"https:\/\/www.agat-turner.org\/index.php?rest_route=%2Fwp%2Fv2%2Fmedia&parent=791"}],"wp:term":[{"taxonomy":"category","embeddable":true,"href":"https:\/\/www.agat-turner.org\/index.php?rest_route=%2Fwp%2Fv2%2Fcategories&post=791"},{"taxonomy":"post_tag","embeddable":true,"href":"https:\/\/www.agat-turner.org\/index.php?rest_route=%2Fwp%2Fv2%2Ftags&post=791"}],"curies":[{"name":"wp","href":"https:\/\/api.w.org\/{rel}","templated":true}]}}