{"id":1220,"date":"2025-10-07T22:52:36","date_gmt":"2025-10-07T20:52:36","guid":{"rendered":"https:\/\/www.agat-turner.org\/?p=1220"},"modified":"2025-10-07T22:52:36","modified_gmt":"2025-10-07T20:52:36","slug":"hommage-a-mme-la-pre-juliane-leger","status":"publish","type":"post","link":"https:\/\/www.agat-turner.org\/?p=1220","title":{"rendered":"Hommage \u00e0 MME la Pre Juliane L\u00e9ger"},"content":{"rendered":"\n<p>C&rsquo;est avec une grande tristesse que l&rsquo;association AGAT a appris le d\u00e9c\u00e8s de MMe la Pre Juliane L\u00e9ger, survenu le 27 Septembre dernier \u00e0 l&rsquo;\u00e2ge de 71 ans.<\/p>\n\n\n\n<p>P\u00e9diatre endocrinologue \u00e0 l\u2019h\u00f4pital Robert-Debr\u00e9 (AP-HP), la Pre L\u00e9ger a consacr\u00e9 sa carri\u00e8re \u00e0 la prise en charge des maladies endocriniennes rares de l\u2019enfant, dont le Syndrome de Turner.<\/p>\n\n\n\n<p>Elle <a><\/a>a jou\u00e9 un r\u00f4le crucial dans le d\u00e9veloppement de la prise en charge des maladies rares, que ce soit \u00e0 travers CRESCENDO (Centre de r\u00e9f\u00e9rence des maladies endocriniennes rares de la croissance et du d\u00e9veloppement) ou FIRENDO (Fili\u00e8re des maladies rares endocriniennes).<\/p>\n\n\n\n<p>Nous avions eu l&rsquo;occasion de collaborer pour la derni\u00e8re fois en 2023, lors de notre journ\u00e9e nationale 2023 dont elle \u00e9tait la mod\u00e9ratrice.<\/p>\n\n\n\n<p>Au nom des patients et de l&rsquo;association, nous lui rendons hommage pour son implication et son professionnalisme, et adressons nos sinc\u00e8res condol\u00e9ances \u00e0 sa famille, ses proches et collaborateurs.<\/p>\n\n\n\n<p>L&rsquo;association AGAT<\/p>\n","protected":false},"excerpt":{"rendered":"<p>C&rsquo;est avec une grande tristesse que l&rsquo;association AGAT a appris le d\u00e9c\u00e8s de MMe la Pre Juliane L\u00e9ger, survenu le 27 Septembre dernier \u00e0 l&rsquo;\u00e2ge de 71 ans. P\u00e9diatre endocrinologue &hellip; <a href=\"https:\/\/www.agat-turner.org\/?p=1220\" class=\"more-link\">Continuer la lecture<span class=\"screen-reader-text\"> de &laquo;&nbsp;Hommage \u00e0 MME la Pre Juliane L\u00e9ger&nbsp;&raquo;<\/span><\/a><\/p>\n","protected":false},"author":2,"featured_media":0,"comment_status":"closed","ping_status":"closed","sticky":false,"template":"","format":"standard","meta":{"footnotes":""},"categories":[1],"tags":[],"class_list":["post-1220","post","type-post","status-publish","format-standard","hentry","category-actualites"],"_links":{"self":[{"href":"https:\/\/www.agat-turner.org\/index.php?rest_route=\/wp\/v2\/posts\/1220","targetHints":{"allow":["GET"]}}],"collection":[{"href":"https:\/\/www.agat-turner.org\/index.php?rest_route=\/wp\/v2\/posts"}],"about":[{"href":"https:\/\/www.agat-turner.org\/index.php?rest_route=\/wp\/v2\/types\/post"}],"author":[{"embeddable":true,"href":"https:\/\/www.agat-turner.org\/index.php?rest_route=\/wp\/v2\/users\/2"}],"replies":[{"embeddable":true,"href":"https:\/\/www.agat-turner.org\/index.php?rest_route=%2Fwp%2Fv2%2Fcomments&post=1220"}],"version-history":[{"count":1,"href":"https:\/\/www.agat-turner.org\/index.php?rest_route=\/wp\/v2\/posts\/1220\/revisions"}],"predecessor-version":[{"id":1221,"href":"https:\/\/www.agat-turner.org\/index.php?rest_route=\/wp\/v2\/posts\/1220\/revisions\/1221"}],"wp:attachment":[{"href":"https:\/\/www.agat-turner.org\/index.php?rest_route=%2Fwp%2Fv2%2Fmedia&parent=1220"}],"wp:term":[{"taxonomy":"category","embeddable":true,"href":"https:\/\/www.agat-turner.org\/index.php?rest_route=%2Fwp%2Fv2%2Fcategories&post=1220"},{"taxonomy":"post_tag","embeddable":true,"href":"https:\/\/www.agat-turner.org\/index.php?rest_route=%2Fwp%2Fv2%2Ftags&post=1220"}],"curies":[{"name":"wp","href":"https:\/\/api.w.org\/{rel}","templated":true}]}}