{"id":1023,"date":"2023-02-26T18:01:56","date_gmt":"2023-02-26T17:01:56","guid":{"rendered":"https:\/\/www.agat-turner.org\/?p=1023"},"modified":"2023-02-26T18:01:56","modified_gmt":"2023-02-26T17:01:56","slug":"journee-internationale-des-maladies-rares-28-fevrier","status":"publish","type":"post","link":"https:\/\/www.agat-turner.org\/?p=1023","title":{"rendered":"Journ\u00e9e internationale des maladies rares &#8211; 28 F\u00e9vrier"},"content":{"rendered":"\n<p>Dans le cadre de la journ\u00e9e internationale des maladies rares le 28 F\u00e9vrier, <a href=\"https:\/\/alliance-maladies-rares.org\/jimr-2023\/\" data-type=\"URL\" data-id=\"https:\/\/alliance-maladies-rares.org\/jimr-2023\/\">Alliance maladies rares lance une grande campagne \u00ab\u00a0<strong>ACC\u00c9L\u00c9RONS LES DIAGNOSTICS<\/strong>\u00ab\u00a0<\/a> afin de lutter contre l&rsquo;errance m\u00e9dicale et les diagnostics tardifs.<\/p>\n\n\n\n<p><strong>Qu&rsquo;est ce que l&rsquo;errance m\u00e9dicale ? <\/strong>Ce sont des probl\u00e8mes de sant\u00e9, des retards de croissance et de d\u00e9veloppement, des douleurs et de sympt\u00f4mes sans explication. Aujourd&rsquo;hui encore, de nombreuses personnes ne sont diagnostiqu\u00e9es qu&rsquo;apr\u00e8s plusieurs ann\u00e9es de recherche et d&rsquo;examens.<\/p>\n\n\n\n<figure class=\"wp-block-image size-full\"><img loading=\"lazy\" decoding=\"async\" width=\"544\" height=\"772\" src=\"https:\/\/www.agat-turner.org\/wp-content\/uploads\/2023\/02\/JIMR-changeons-la.gif\" alt=\"\" class=\"wp-image-1024\"\/><\/figure>\n\n\n\n<p><\/p>\n\n\n\n<figure class=\"wp-block-embed is-type-rich is-provider-prise-en-charge-des-contenus-embarques wp-block-embed-prise-en-charge-des-contenus-embarques wp-embed-aspect-16-9 wp-has-aspect-ratio\"><div class=\"wp-block-embed__wrapper\">\n<iframe loading=\"lazy\" title=\"Errance diagnostique des maladies rares : C&#039;est toujours la m\u00eame histoire. Ensemble, changeons-la !\" width=\"840\" height=\"473\" src=\"https:\/\/www.youtube.com\/embed\/W3GQ9CCCBlI?feature=oembed\" frameborder=\"0\" allow=\"accelerometer; autoplay; clipboard-write; encrypted-media; gyroscope; picture-in-picture; web-share\" allowfullscreen><\/iframe>\n<\/div><\/figure>\n\n\n\n<p><strong>Ensemble, continuons de nous battre pour les patients !<\/strong><\/p>\n","protected":false},"excerpt":{"rendered":"<p>Dans le cadre de la journ\u00e9e internationale des maladies rares le 28 F\u00e9vrier, Alliance maladies rares lance une grande campagne \u00ab\u00a0ACC\u00c9L\u00c9RONS LES DIAGNOSTICS\u00ab\u00a0 afin de lutter contre l&rsquo;errance m\u00e9dicale et &hellip; <a href=\"https:\/\/www.agat-turner.org\/?p=1023\" class=\"more-link\">Continuer la lecture<span class=\"screen-reader-text\"> de &laquo;&nbsp;Journ\u00e9e internationale des maladies rares &#8211; 28 F\u00e9vrier&nbsp;&raquo;<\/span><\/a><\/p>\n","protected":false},"author":2,"featured_media":0,"comment_status":"closed","ping_status":"closed","sticky":false,"template":"","format":"standard","meta":{"footnotes":""},"categories":[1],"tags":[],"class_list":["post-1023","post","type-post","status-publish","format-standard","hentry","category-actualites"],"_links":{"self":[{"href":"https:\/\/www.agat-turner.org\/index.php?rest_route=\/wp\/v2\/posts\/1023","targetHints":{"allow":["GET"]}}],"collection":[{"href":"https:\/\/www.agat-turner.org\/index.php?rest_route=\/wp\/v2\/posts"}],"about":[{"href":"https:\/\/www.agat-turner.org\/index.php?rest_route=\/wp\/v2\/types\/post"}],"author":[{"embeddable":true,"href":"https:\/\/www.agat-turner.org\/index.php?rest_route=\/wp\/v2\/users\/2"}],"replies":[{"embeddable":true,"href":"https:\/\/www.agat-turner.org\/index.php?rest_route=%2Fwp%2Fv2%2Fcomments&post=1023"}],"version-history":[{"count":1,"href":"https:\/\/www.agat-turner.org\/index.php?rest_route=\/wp\/v2\/posts\/1023\/revisions"}],"predecessor-version":[{"id":1026,"href":"https:\/\/www.agat-turner.org\/index.php?rest_route=\/wp\/v2\/posts\/1023\/revisions\/1026"}],"wp:attachment":[{"href":"https:\/\/www.agat-turner.org\/index.php?rest_route=%2Fwp%2Fv2%2Fmedia&parent=1023"}],"wp:term":[{"taxonomy":"category","embeddable":true,"href":"https:\/\/www.agat-turner.org\/index.php?rest_route=%2Fwp%2Fv2%2Fcategories&post=1023"},{"taxonomy":"post_tag","embeddable":true,"href":"https:\/\/www.agat-turner.org\/index.php?rest_route=%2Fwp%2Fv2%2Ftags&post=1023"}],"curies":[{"name":"wp","href":"https:\/\/api.w.org\/{rel}","templated":true}]}}